{"id":1840,"date":"2023-01-24T19:33:22","date_gmt":"2023-01-24T22:33:22","guid":{"rendered":"https:\/\/ceepu.com.br\/portal\/?p=1840"},"modified":"2023-01-24T19:33:22","modified_gmt":"2023-01-24T22:33:22","slug":"transpiracao-em-psicanalise-o-inconsciente","status":"publish","type":"post","link":"https:\/\/ceepu.com.br\/portal\/transpiracao-em-psicanalise-o-inconsciente\/","title":{"rendered":"Transpira\u00e7\u00e3o em Psican\u00e1lise: o Inconsciente"},"content":{"rendered":"<p><img fetchpriority=\"high\" decoding=\"async\" class=\"size-medium wp-image-1841 aligncenter\" src=\"https:\/\/ceepu.com.br\/portal\/wp-content\/uploads\/2023\/01\/Imagem-do-WhatsApp-de-2023-01-24-as-19.27.30-273x300.jpg\" alt=\"\" width=\"273\" height=\"300\" srcset=\"https:\/\/ceepu.com.br\/portal\/wp-content\/uploads\/2023\/01\/Imagem-do-WhatsApp-de-2023-01-24-as-19.27.30-273x300.jpg 273w, https:\/\/ceepu.com.br\/portal\/wp-content\/uploads\/2023\/01\/Imagem-do-WhatsApp-de-2023-01-24-as-19.27.30-768x845.jpg 768w, https:\/\/ceepu.com.br\/portal\/wp-content\/uploads\/2023\/01\/Imagem-do-WhatsApp-de-2023-01-24-as-19.27.30.jpg 812w\" sizes=\"(max-width: 273px) 100vw, 273px\" \/><\/p>\n<p>\u00c9 fascinante considerar a for\u00e7a do inconsciente, seu determinismo e sua influ\u00eancia em nossas vidas. Mais fascinante ainda \u00e9 observar, investigar, inferir, conhecer as tramas e os dramas deste universo, atrav\u00e9s das rela\u00e7\u00f5es de objetos que estabelecemos. Seja dentro e\/ou fora de n\u00f3s, seja ao acaso das circunst\u00e2ncias, ao acaso inclusive das nossas escolhas, somos afetados por nossos objetos internos e por toda complexidade de nosso mundo interno.<\/p>\n<p>Sendo assim, n\u00e3o ser\u00e1 poss\u00edvel sabermos de antem\u00e3o, o que iremos sentir, pensar, sonhar, ou se conseguiremos conter ou sustentar emocionalmente qualquer experi\u00eancia. Poderemos sentir o impacto de um objeto no nosso <em>self, <\/em>podendo gerar alegria, prazer, compreens\u00e3o, crescimento como tamb\u00e9m dor, vazio, falta de sentido ou representa\u00e7\u00e3o dentro de n\u00f3s, mas ser\u00e1 meu Ser, minha subjetividade e meus objetos internos transpirando naquele momento da experi\u00eancia.<\/p>\n<p>Os objetos e os usos que fazemos deles em nossas vidas, t\u00eam a capacidade de evocar uma infinidade de experi\u00eancias do <em>self. <\/em><\/p>\n<p>A partir desta vis\u00e3o previamente colocada, em acordo com os que aceitam as premissas da Psican\u00e1lise, \u00e9 poss\u00edvel constatar que as experi\u00eancias vividas por n\u00f3s s\u00e3o evoca\u00e7\u00f5es dos nossos objetos internos, na presen\u00e7a do outro dentro ou fora de n\u00f3s, onde seremos simplesmente tocados em nossa subjetividade constitu\u00edda at\u00e9 o momento.<\/p>\n<p>Paradoxalmente, o sujeito fala de suas rela\u00e7\u00f5es com seus objetos internos em rela\u00e7\u00e3o a experi\u00eancias com objetos externos e o campo formado pela viv\u00eancia entre eles, numa d\u00edade mundo interno e mundo externo.<\/p>\n<p>Este olhar me ocorreu para comentar um ponto em comum, enquanto sujeitos e objetos, ao acompanharmos a apresenta\u00e7\u00e3o de material cl\u00ednico pela colega Anna Thereza, no \u00faltimo encontro promovido pelo Centro Cl\u00ednico do CEEPU, com coment\u00e1rios de uma outra colega Silvana Vassimon, onde cada qual com sua subjetividade, sua experi\u00eancia emocional, cl\u00ednica e te\u00f3rica comunica a experi\u00eancia \u00fanica para cada sujeito da dupla, numa evoca\u00e7\u00e3o cont\u00ednua de si e simultaneamente do todo, em tempo real, inclusive dos presentes, irrompendo de dentro de todos participantes nossa singular \u201ctextura ps\u00edquica, onde o ego escolhe n\u00e3o somente que aspecto de um objeto vai usar mas, tamb\u00e9m, que modelo subjetivo empregar neste uso\u201d(1).<\/p>\n<p>S\u00e3o viv\u00eancias \u00fanicas, tal como uma impress\u00e3o digital ps\u00edquica.<\/p>\n<p>Como nos conta Bollas: \u201cO idioma de uma pessoa refere-se ao n\u00facleo \u00fanico de cada indiv\u00edduo, uma figura\u00e7\u00e3o do Ser, parecida com uma semente que pode, sob condi\u00e7\u00f5es favor\u00e1veis, evoluir e se articular \u2013 o idioma humano \u00e9 ess\u00eancia definida de cada sujeito, e, embora, todos n\u00f3s tenhamos certo sentido sutil do idioma do outro, esse conhecimento \u00e9 virtualmente impens\u00e1vel.\u201d (idem)<\/p>\n<p>Para mim, esta frase contempla o complexo of\u00edcio ao exercermos a Psican\u00e1lise. \u00c9 a partir do <em>self<\/em> de cada um, do analista, do analisando e\u00a0 \u00a0rela\u00e7\u00e3o de ambos, via transfer\u00eancia, no idioma de cada um, \u00e9 que encontramos espa\u00e7os potenciais de transforma\u00e7\u00f5es.<\/p>\n<p>&nbsp;<\/p>\n<p>&nbsp;<\/p>\n<p>Refer\u00eancia bibliogr\u00e1fica:<\/p>\n<p>1.Bollas, C. Sendo um personagem. Ed. RevinteR. RJ, 1998.<\/p>\n<p>&nbsp;<\/p>\n<p>&nbsp;<\/p>\n<p>Mara Guimar\u00e3es P. Lima Degani.<\/p>\n<p>Psic\u00f3loga, Psicanalista, Membro Efetivo e Supervisora do CEEPU, Membro Associado da SBPSP, Membro do NPU.<\/p>\n<p>&nbsp;<\/p>\n<p>Outubro\/2022.<\/p>\n","protected":false},"excerpt":{"rendered":"<p>\u00c9 fascinante considerar a for\u00e7a do inconsciente, seu determinismo e sua influ\u00eancia em nossas vidas. Mais fascinante ainda \u00e9 observar, investigar, inferir, conhecer as tramas e os dramas deste universo, atrav\u00e9s das rela\u00e7\u00f5es de objetos que estabelecemos. Seja dentro e\/ou fora de n\u00f3s, seja ao acaso das circunst\u00e2ncias, ao acaso inclusive das nossas escolhas, somos &#8230; <a title=\"Transpira\u00e7\u00e3o em Psican\u00e1lise: o Inconsciente\" class=\"read-more\" href=\"https:\/\/ceepu.com.br\/portal\/transpiracao-em-psicanalise-o-inconsciente\/\" aria-label=\"More on Transpira\u00e7\u00e3o em Psican\u00e1lise: o Inconsciente\">Ler mais<\/a><\/p>\n","protected":false},"author":8,"featured_media":1841,"comment_status":"open","ping_status":"open","sticky":false,"template":"","format":"standard","meta":{"footnotes":""},"categories":[6],"tags":[],"class_list":["post-1840","post","type-post","status-publish","format-standard","has-post-thumbnail","hentry","category-reflexoes-psicanaliticas"],"_links":{"self":[{"href":"https:\/\/ceepu.com.br\/portal\/wp-json\/wp\/v2\/posts\/1840","targetHints":{"allow":["GET"]}}],"collection":[{"href":"https:\/\/ceepu.com.br\/portal\/wp-json\/wp\/v2\/posts"}],"about":[{"href":"https:\/\/ceepu.com.br\/portal\/wp-json\/wp\/v2\/types\/post"}],"author":[{"embeddable":true,"href":"https:\/\/ceepu.com.br\/portal\/wp-json\/wp\/v2\/users\/8"}],"replies":[{"embeddable":true,"href":"https:\/\/ceepu.com.br\/portal\/wp-json\/wp\/v2\/comments?post=1840"}],"version-history":[{"count":2,"href":"https:\/\/ceepu.com.br\/portal\/wp-json\/wp\/v2\/posts\/1840\/revisions"}],"predecessor-version":[{"id":1843,"href":"https:\/\/ceepu.com.br\/portal\/wp-json\/wp\/v2\/posts\/1840\/revisions\/1843"}],"wp:featuredmedia":[{"embeddable":true,"href":"https:\/\/ceepu.com.br\/portal\/wp-json\/wp\/v2\/media\/1841"}],"wp:attachment":[{"href":"https:\/\/ceepu.com.br\/portal\/wp-json\/wp\/v2\/media?parent=1840"}],"wp:term":[{"taxonomy":"category","embeddable":true,"href":"https:\/\/ceepu.com.br\/portal\/wp-json\/wp\/v2\/categories?post=1840"},{"taxonomy":"post_tag","embeddable":true,"href":"https:\/\/ceepu.com.br\/portal\/wp-json\/wp\/v2\/tags?post=1840"}],"curies":[{"name":"wp","href":"https:\/\/api.w.org\/{rel}","templated":true}]}}