{"id":1639,"date":"2022-02-03T13:10:16","date_gmt":"2022-02-03T16:10:16","guid":{"rendered":"https:\/\/ceepu.com.br\/portal\/?p=1639"},"modified":"2022-02-03T13:10:23","modified_gmt":"2022-02-03T16:10:23","slug":"modulos-fundamentais-de-freud-2","status":"publish","type":"post","link":"https:\/\/ceepu.com.br\/portal\/modulos-fundamentais-de-freud-2\/","title":{"rendered":"M\u00f3dulos Fundamentais de Freud"},"content":{"rendered":"<p><strong>M\u00f3dulo 3: Metapsicologia\/ A teoria estrutural<\/strong><\/p>\n<p>Coordena\u00e7\u00e3o: Simone Prudente (04\/11151)<\/p>\n<p>Sextas-feiras 16h30 \u00e0s 18h<\/p>\n<p>In\u00edcio: 11\/03\/2022<\/p>\n<p>&nbsp;<\/p>\n<p><strong>M\u00f3dulo 4: Narcisismo\/ Processos de Identifica\u00e7\u00e3o <\/strong><\/p>\n<p>Coordena\u00e7\u00e3o: Karine Botelho (CRP: 04\/20952)<\/p>\n<p>Segundas-feiras 17h \u00e0s 18h30<\/p>\n<p>In\u00edcio: 07\/03\/2022<\/p>\n<p><strong>\u00a0<\/strong><\/p>\n<p><strong>M\u00f3dulo 6: M\u00e9todo Psicanal\u00edtico\/ Teoria da T\u00e9cnica<\/strong><\/p>\n<p>Coordena\u00e7\u00e3o: S\u00edlvia Alves Pereira (CRP: 04\/11185)<\/p>\n<p>Segundas-feiras 19h \u00e0s 20h30<\/p>\n<p>In\u00edcio: 07\/03\/2022<\/p>\n<p>&nbsp;<\/p>\n<p><strong>M\u00f3dulo 7: Teoria da t\u00e9cnica<\/strong><\/p>\n<p>Coordena\u00e7\u00e3o: Luciana Tomaz de Castro (CRP: 04\/15781)<\/p>\n<p>Ter\u00e7as-feiras 19h \u00e0s 20h30<\/p>\n<p>In\u00edcio: 08\/03\/2022<\/p>\n<p>&nbsp;<\/p>\n<p><strong>P\u00fablico<\/strong><\/p>\n<p>Profissionais e estudantes de Psicologia e Medicina<\/p>\n<p>&nbsp;<\/p>\n<p><strong>Matr\u00edculas abertas \u2013 Vagas limitadas<\/strong><\/p>\n<p>&nbsp;<\/p>\n<p><strong>Investimento<\/strong><\/p>\n<p>Membros do CEEPU: 4 parcelas de R$140,00.\u00a0 Total: R$ 560,00<\/p>\n<p>Estudantes: 4 parcelas de R$ 170,00. Total: R$ 680,00<\/p>\n<p>Demais participantes: 4 parcelas de R$ 280,00. Total: R$ 1.120,00<\/p>\n<p>&nbsp;<\/p>\n<p><strong>Inscri\u00e7\u00f5es<\/strong><\/p>\n<p>psiceepu@gmail.com ou<\/p>\n<p>(34) 3219-3280 (34) 99892-3280<\/p>\n<p>Av. Floriano Peixoto, 615. Sala 908\/909. Ed Floriano Center. Uberl\u00e2ndia \u2013 MG<\/p>\n<p>www.ceepu.com.br<\/p>\n","protected":false},"excerpt":{"rendered":"<p>M\u00f3dulo 3: Metapsicologia\/ A teoria estrutural Coordena\u00e7\u00e3o: Simone Prudente (04\/11151) Sextas-feiras 16h30 \u00e0s 18h In\u00edcio: 11\/03\/2022 &nbsp; M\u00f3dulo 4: Narcisismo\/ Processos de Identifica\u00e7\u00e3o Coordena\u00e7\u00e3o: Karine Botelho (CRP: 04\/20952) Segundas-feiras 17h \u00e0s 18h30 In\u00edcio: 07\/03\/2022 \u00a0 M\u00f3dulo 6: M\u00e9todo Psicanal\u00edtico\/ Teoria da T\u00e9cnica Coordena\u00e7\u00e3o: S\u00edlvia Alves Pereira (CRP: 04\/11185) Segundas-feiras 19h \u00e0s 20h30 In\u00edcio: 07\/03\/2022 &nbsp; &#8230; <a title=\"M\u00f3dulos Fundamentais de Freud\" class=\"read-more\" href=\"https:\/\/ceepu.com.br\/portal\/modulos-fundamentais-de-freud-2\/\" aria-label=\"More on M\u00f3dulos Fundamentais de Freud\">Ler mais<\/a><\/p>\n","protected":false},"author":1,"featured_media":0,"comment_status":"open","ping_status":"open","sticky":false,"template":"","format":"standard","meta":{"footnotes":""},"categories":[8],"tags":[],"class_list":["post-1639","post","type-post","status-publish","format-standard","hentry","category-divulgacao"],"_links":{"self":[{"href":"https:\/\/ceepu.com.br\/portal\/wp-json\/wp\/v2\/posts\/1639","targetHints":{"allow":["GET"]}}],"collection":[{"href":"https:\/\/ceepu.com.br\/portal\/wp-json\/wp\/v2\/posts"}],"about":[{"href":"https:\/\/ceepu.com.br\/portal\/wp-json\/wp\/v2\/types\/post"}],"author":[{"embeddable":true,"href":"https:\/\/ceepu.com.br\/portal\/wp-json\/wp\/v2\/users\/1"}],"replies":[{"embeddable":true,"href":"https:\/\/ceepu.com.br\/portal\/wp-json\/wp\/v2\/comments?post=1639"}],"version-history":[{"count":1,"href":"https:\/\/ceepu.com.br\/portal\/wp-json\/wp\/v2\/posts\/1639\/revisions"}],"predecessor-version":[{"id":1640,"href":"https:\/\/ceepu.com.br\/portal\/wp-json\/wp\/v2\/posts\/1639\/revisions\/1640"}],"wp:attachment":[{"href":"https:\/\/ceepu.com.br\/portal\/wp-json\/wp\/v2\/media?parent=1639"}],"wp:term":[{"taxonomy":"category","embeddable":true,"href":"https:\/\/ceepu.com.br\/portal\/wp-json\/wp\/v2\/categories?post=1639"},{"taxonomy":"post_tag","embeddable":true,"href":"https:\/\/ceepu.com.br\/portal\/wp-json\/wp\/v2\/tags?post=1639"}],"curies":[{"name":"wp","href":"https:\/\/api.w.org\/{rel}","templated":true}]}}