{"id":1214,"date":"2020-08-03T20:57:05","date_gmt":"2020-08-03T20:57:05","guid":{"rendered":"https:\/\/ceepu.com.br\/antigo\/?p=865"},"modified":"2022-02-09T19:01:15","modified_gmt":"2022-02-09T22:01:15","slug":"em-tempos-de-isolamento-a-possibilidade-do-encontro","status":"publish","type":"post","link":"https:\/\/ceepu.com.br\/portal\/em-tempos-de-isolamento-a-possibilidade-do-encontro\/","title":{"rendered":"Em tempos de isolamento, a possibilidade do encontro&#8230;"},"content":{"rendered":"<p><img fetchpriority=\"high\" decoding=\"async\" class=\"wp-image-866 alignleft\" src=\"https:\/\/ceepu.com.br\/antigo\/wp-content\/uploads\/2020\/08\/WhatsApp-Image-2020-08-03-at-17.34.52.jpeg\" alt=\"\" width=\"654\" height=\"367\" \/> <img decoding=\"async\" class=\"wp-image-867 alignleft\" src=\"https:\/\/ceepu.com.br\/antigo\/wp-content\/uploads\/2020\/08\/WhatsApp-Image-2020-08-03-at-17.35.14.jpeg\" alt=\"\" width=\"657\" height=\"369\" \/><\/p>\n<p>Aconteceu nessa \u00faltima quinta-feira, dia 30\/07, o &#8220;I Encontro com Freud&#8221; &#8211; Coordenadores e participantes dos m\u00f3dulos fundamentais de Freud, numa rica troca de experi\u00eancias, permeada por poesias, criatividade e express\u00f5es de gratid\u00e3o. Dentre tantas falas, um destaque para esses dois textos, que compartilhamos no nosso site. A primeira \u00e9 de autoria do Michel, participante do m\u00f3dulo I, que a partir de sua experi\u00eancia de aprendizado em grupo concebeu esse belo poema. O segundo \u00e9 uma nota do Fernando Pessoa, que de maneira po\u00e9tica nos apresenta o fazer anal\u00edtico.<br \/>\nAs poesias j\u00e1 est\u00e3o no nosso site. Vejam www.ceepu.com.br<br \/>\nCEEPU<br \/>\n\ud83d\udda5 www.ceepu.com.br<br \/>\n\ud83d\udd39 CEEPU &#8211; Centro de Estudos e Eventos Psicanal\u00edticos de Uberl\u00e2ndia<br \/>\n\ud83d\udccdAv. Floriano Peixoto, 615. Sala 908\/909. Ed Floriano Center. Uberl\u00e2ndia &#8211; MG<br \/>\n\u2709 secretaria@ceepu.com.br<br \/>\n#ceepu #uberlandia #psicologo #psicologia #psicologa #psicoterapeuta #reflexoes #encontrocomfreud<\/p>\n<p>&nbsp;<\/p>\n<p style=\"text-align: center;\"><strong>O amor pela verdade<\/strong><\/p>\n<p>Existe em mim um desejo. Na verdade, v\u00e1rios. Eles carregam consigo aquilo que me representa do jeito mais amb\u00edguo nas minhas rela\u00e7\u00f5es de amor e \u00f3dio. Neles. reside o sentido, o navio que me conecta, mas que me naufraga, que me afunda, mas que sustenta. \u00c9 o desejo que det\u00e9m e possui minha verdade. E nessa verdade, a luz me envolve. me engole, me pertence. A luz da verdade queima, e sara tamb\u00e9m. D\u00f3i saber. Cura saber. Qual me vale mais?<br \/>\nMas d\u00f3i saber.<br \/>\nAcredito, pois s\u00f3 nessa ang\u00fastia posso crer e confiar. Somente nela posso ser. S\u00f3 com essa dor de saber posso conhecer a verdade. A minha. Mas vai doer saber. E esse meu pre\u00e7o, posso pagar? E ser\u00e1 que a verdade desse rio, do fluxo das in\u00fameras verdades em meus desejos, \u00e9 t\u00e3o cara assim que n\u00e3o valha a pena pagar?<br \/>\nBom, vou consertar minha jangada e encarar o mar, o rio, os lagos, at\u00e9 que isso um dia me quebre por inteiro. E que eu descubra as novas formas que os cacos de mim podem tomar. Esse \u00e9 o meu amor pela verdade.<\/p>\n<p style=\"text-align: right;\">Michel Rodrigues Guimar\u00e3es<\/p>\n<p>&nbsp;<\/p>\n<p style=\"text-align: center;\"><strong>Nota Preliminar<\/strong><\/p>\n<p>O entendimento dos s\u00edmbolos e dos rituais (simb\u00f3licos) exige do int\u00e9rprete que possua cinco qualidades ou condi\u00e7\u00f5es, sem as quais os s\u00edmbolos ser\u00e3o para ele mortos, e ele um morto para eles.<br \/>\nA primeira \u00e9 a simpatia; n\u00e3o direi a primeira em tempo, mas a primeira conforme vou citando, e cito por graus de simplicidade. Tem o int\u00e9rprete que sentir simpatia pelo s\u00edmbolo que se prop\u00f5e interpretar.<br \/>\nA segunda \u00e9 a intui\u00e7\u00e3o. A simpatia pode auxili\u00e1-la, se ela j\u00e1 existe, por\u00e9m n\u00e3o cri\u00e1-la. Por intui\u00e7\u00e3o se entende aquela esp\u00e9cie de entendimento com que se sente o que est\u00e1 al\u00e9m do s\u00edmbolo, sem que se veja.<br \/>\nA terceira \u00e9 a intelig\u00eancia. A intelig\u00eancia analisa, decomp\u00f5e, reconstr\u00f3i noutro n\u00edvel o s\u00edmbolo; tem, por\u00e9m, que faz\u00ea-lo depois que, no fundo, \u00e9 tudo o mesmo. N\u00e3o direi erudi\u00e7\u00e3o, como poderia no exame dos s\u00edmbolos, \u00e9 o de relacionar no alto o que est\u00e1 de acordo com a rela\u00e7\u00e3o que est\u00e1 embaixo. N\u00e3o poder\u00e1 fazer isto se a simpatia n\u00e3o tiver lembrado essa rela\u00e7\u00e3o, se a intui\u00e7\u00e3o a n\u00e3o tiver estabelecido. Ent\u00e3o a intelig\u00eancia, de discursiva que naturalmente \u00e9, se tornar\u00e1 anal\u00f3gica, e o s\u00edmbolo poder\u00e1 ser interpretado.<br \/>\nA quarta \u00e9 a compreens\u00e3o, entendendo por esta palavra o conhecimento de outras mat\u00e9rias, que permitam que o s\u00edmbolo seja iluminado por v\u00e1rias luzes, relacionado com v\u00e1rios outros s\u00edmbolos, pois que, no fundo, \u00e9 tudo o mesmo. N\u00e3o direi erudi\u00e7\u00e3o, como poderia ter dito, pois a erudi\u00e7\u00e3o \u00e9 uma soma; nem direi cultura, pois a cultura \u00e9 uma s\u00edntese; e a compreens\u00e3o \u00e9 uma vida. Assim certos s\u00edmbolos n\u00e3o podem ser bem entendidos se n\u00e3o houver antes, ou no mesmo tempo, o entendimento de s\u00edmbolos diferentes.<br \/>\nA quinta \u00e9 a menos defin\u00edvel. Direi talvez, falando a uns, que \u00e9 a gra\u00e7a, falando a outros, que \u00e9 a m\u00e3o do Superior Inc\u00f3gnito, falando a terceiros, que \u00e9 o Conhecimento e a Conversa\u00e7\u00e3o do Santo Anjo da Guarda, entendendo cada uma destas coisas, que s\u00e3o a mesma da maneira como as entendem aqueles que delas usam, falando ou escrevendo.<\/p>\n<p style=\"text-align: right;\">Fernando Pessoa<\/p>\n<p>&nbsp;<\/p>\n<p>&nbsp;<\/p>\n","protected":false},"excerpt":{"rendered":"<p>Aconteceu nessa \u00faltima quinta-feira, dia 30\/07, o &#8220;I Encontro com Freud&#8221; &#8211; Coordenadores e participantes dos m\u00f3dulos fundamentais de Freud, numa rica troca de experi\u00eancias, permeada por poesias, criatividade e express\u00f5es de gratid\u00e3o. Dentre tantas falas, um destaque para esses dois textos, que compartilhamos no nosso site. A primeira \u00e9 de autoria do Michel, participante &#8230; <a title=\"Em tempos de isolamento, a possibilidade do encontro&#8230;\" class=\"read-more\" href=\"https:\/\/ceepu.com.br\/portal\/em-tempos-de-isolamento-a-possibilidade-do-encontro\/\" aria-label=\"More on Em tempos de isolamento, a possibilidade do encontro&#8230;\">Ler mais<\/a><\/p>\n","protected":false},"author":1,"featured_media":0,"comment_status":"open","ping_status":"open","sticky":false,"template":"","format":"standard","meta":{"footnotes":""},"categories":[6],"tags":[],"class_list":["post-1214","post","type-post","status-publish","format-standard","hentry","category-reflexoes-psicanaliticas"],"_links":{"self":[{"href":"https:\/\/ceepu.com.br\/portal\/wp-json\/wp\/v2\/posts\/1214","targetHints":{"allow":["GET"]}}],"collection":[{"href":"https:\/\/ceepu.com.br\/portal\/wp-json\/wp\/v2\/posts"}],"about":[{"href":"https:\/\/ceepu.com.br\/portal\/wp-json\/wp\/v2\/types\/post"}],"author":[{"embeddable":true,"href":"https:\/\/ceepu.com.br\/portal\/wp-json\/wp\/v2\/users\/1"}],"replies":[{"embeddable":true,"href":"https:\/\/ceepu.com.br\/portal\/wp-json\/wp\/v2\/comments?post=1214"}],"version-history":[{"count":2,"href":"https:\/\/ceepu.com.br\/portal\/wp-json\/wp\/v2\/posts\/1214\/revisions"}],"predecessor-version":[{"id":1727,"href":"https:\/\/ceepu.com.br\/portal\/wp-json\/wp\/v2\/posts\/1214\/revisions\/1727"}],"wp:attachment":[{"href":"https:\/\/ceepu.com.br\/portal\/wp-json\/wp\/v2\/media?parent=1214"}],"wp:term":[{"taxonomy":"category","embeddable":true,"href":"https:\/\/ceepu.com.br\/portal\/wp-json\/wp\/v2\/categories?post=1214"},{"taxonomy":"post_tag","embeddable":true,"href":"https:\/\/ceepu.com.br\/portal\/wp-json\/wp\/v2\/tags?post=1214"}],"curies":[{"name":"wp","href":"https:\/\/api.w.org\/{rel}","templated":true}]}}