{"id":1211,"date":"2020-07-08T11:44:44","date_gmt":"2020-07-08T11:44:44","guid":{"rendered":"https:\/\/ceepu.com.br\/antigo\/?p=836"},"modified":"2020-07-08T11:44:44","modified_gmt":"2020-07-08T11:44:44","slug":"poema-de-quarentena","status":"publish","type":"post","link":"https:\/\/ceepu.com.br\/portal\/poema-de-quarentena\/","title":{"rendered":"Poema de Quarentena"},"content":{"rendered":"<p><img fetchpriority=\"high\" decoding=\"async\" class=\"size-full wp-image-837 aligncenter\" src=\"https:\/\/ceepu.com.br\/antigo\/wp-content\/uploads\/2020\/07\/poema-de-quarentena.png\" alt=\"\" width=\"401\" height=\"430\" \/><\/p>\n<p style=\"text-align: center;\">por Elisa Aires.<\/p>\n<p style=\"text-align: center;\">Vejo um beb\u00ea sendo amamentado.<\/p>\n<p style=\"text-align: center;\">Vejo uma m\u00e3e consolando o choro.<\/p>\n<p style=\"text-align: center;\">Vejo um pai embalando o ber\u00e7o.<\/p>\n<p style=\"text-align: center;\">Vejo um menino muito curioso.<\/p>\n<p style=\"text-align: center;\">Vejo uma mo\u00e7a e os seus amores.<\/p>\n<p style=\"text-align: center;\">Vejo um homem descobrindo dores.<\/p>\n<p style=\"text-align: center;\">Vejo uma mulher plantando flores.<\/p>\n<p style=\"text-align: center;\">Vejo um velho e o seu sil\u00eancio.<\/p>\n<p style=\"text-align: center;\">Ou\u00e7o os p\u00e1ssaros no entardecer.<\/p>\n<p style=\"text-align: center;\">Ou\u00e7o as buzinas dos apressados.<\/p>\n<p style=\"text-align: center;\">Ou\u00e7o o vento e a ventania.<\/p>\n<p style=\"text-align: center;\">Ou\u00e7o a televis\u00e3o com suas not\u00edcias.<\/p>\n<p style=\"text-align: center;\">Ou\u00e7o o sino da catedral.<\/p>\n<p style=\"text-align: center;\">Saboreio o p\u00e3o do dia.<\/p>\n<p style=\"text-align: center;\">Saboreio o suco da fruta colhida.<\/p>\n<p style=\"text-align: center;\">Saboreio a fome desesperada.<\/p>\n<p style=\"text-align: center;\">Saboreio a sopa quente em noite fria.<\/p>\n<p style=\"text-align: center;\">Cheiro a comida na mesa posta.<\/p>\n<p style=\"text-align: center;\">Cheiro as rosas do vaso da sala.<\/p>\n<p style=\"text-align: center;\">Cheiro o mofo no guarda-roupa.<\/p>\n<p style=\"text-align: center;\">Cheiro a fuma\u00e7a vinda das ruas.<\/p>\n<p style=\"text-align: center;\">Toco a caneta para fazer palavras.<\/p>\n<p style=\"text-align: center;\">Toco o telefone para ter companhia.<\/p>\n<p style=\"text-align: center;\">Toco a folha que est\u00e1 vazia.<\/p>\n<p style=\"text-align: center;\">Toco as l\u00e1grimas do cansa\u00e7o.<\/p>\n<p style=\"text-align: center;\">Toco a cortina por onde entra o sol.<\/p>\n<p style=\"text-align: center;\">Sinto a ang\u00fastia que circunda todos.<\/p>\n<p style=\"text-align: center;\">Sinto a coragem que circunda todos.<\/p>\n<p style=\"text-align: center;\">Sinto o medo que circunda todos.<\/p>\n<p style=\"text-align: center;\">Sinto a m\u00fasica que circunda todos.<\/p>\n<p style=\"text-align: center;\">Sinto o olhar perdido que circunda todos.<\/p>\n<p style=\"text-align: center;\">Sinto a paci\u00eancia que circunda todos.<\/p>\n<p style=\"text-align: center;\">Sinto a esperan\u00e7a que circunda todos.<\/p>\n<p style=\"text-align: center;\">Tudo se repete.<\/p>\n<p style=\"text-align: center;\">Tudo \u00e9 novidade.<\/p>\n<p style=\"text-align: center;\">Tudo \u00e9 sabido.<\/p>\n<p style=\"text-align: center;\">Tudo \u00e9 mist\u00e9rio.<\/p>\n<p style=\"text-align: center;\">Tudo \u00e9 concreto<\/p>\n<p style=\"text-align: center;\">E tudo desaparece.<\/p>\n<p style=\"text-align: center;\">As janelas fecham, as janelas abrem.<\/p>\n<p style=\"text-align: center;\">Elisa Aires Rodrigues de Freitas: psic\u00f3loga cl\u00ednica, mestre em psicologia, membro do CEEPU e da diretoria Inova-A\u00e7\u00e3o.<\/p>\n","protected":false},"excerpt":{"rendered":"<p>por Elisa Aires. Vejo um beb\u00ea sendo amamentado. Vejo uma m\u00e3e consolando o choro. Vejo um pai embalando o ber\u00e7o. Vejo um menino muito curioso. Vejo uma mo\u00e7a e os seus amores. Vejo um homem descobrindo dores. Vejo uma mulher plantando flores. Vejo um velho e o seu sil\u00eancio. Ou\u00e7o os p\u00e1ssaros no entardecer. Ou\u00e7o &#8230; <a title=\"Poema de Quarentena\" class=\"read-more\" href=\"https:\/\/ceepu.com.br\/portal\/poema-de-quarentena\/\" aria-label=\"More on Poema de Quarentena\">Ler mais<\/a><\/p>\n","protected":false},"author":1,"featured_media":939,"comment_status":"open","ping_status":"open","sticky":false,"template":"","format":"standard","meta":{"footnotes":""},"categories":[6],"tags":[],"class_list":["post-1211","post","type-post","status-publish","format-standard","has-post-thumbnail","hentry","category-reflexoes-psicanaliticas"],"_links":{"self":[{"href":"https:\/\/ceepu.com.br\/portal\/wp-json\/wp\/v2\/posts\/1211","targetHints":{"allow":["GET"]}}],"collection":[{"href":"https:\/\/ceepu.com.br\/portal\/wp-json\/wp\/v2\/posts"}],"about":[{"href":"https:\/\/ceepu.com.br\/portal\/wp-json\/wp\/v2\/types\/post"}],"author":[{"embeddable":true,"href":"https:\/\/ceepu.com.br\/portal\/wp-json\/wp\/v2\/users\/1"}],"replies":[{"embeddable":true,"href":"https:\/\/ceepu.com.br\/portal\/wp-json\/wp\/v2\/comments?post=1211"}],"version-history":[{"count":0,"href":"https:\/\/ceepu.com.br\/portal\/wp-json\/wp\/v2\/posts\/1211\/revisions"}],"wp:featuredmedia":[{"embeddable":true,"href":"https:\/\/ceepu.com.br\/portal\/wp-json\/"}],"wp:attachment":[{"href":"https:\/\/ceepu.com.br\/portal\/wp-json\/wp\/v2\/media?parent=1211"}],"wp:term":[{"taxonomy":"category","embeddable":true,"href":"https:\/\/ceepu.com.br\/portal\/wp-json\/wp\/v2\/categories?post=1211"},{"taxonomy":"post_tag","embeddable":true,"href":"https:\/\/ceepu.com.br\/portal\/wp-json\/wp\/v2\/tags?post=1211"}],"curies":[{"name":"wp","href":"https:\/\/api.w.org\/{rel}","templated":true}]}}