{"id":1210,"date":"2020-06-26T17:51:02","date_gmt":"2020-06-26T17:51:02","guid":{"rendered":"https:\/\/ceepu.com.br\/antigo\/?p=825"},"modified":"2022-02-09T18:59:27","modified_gmt":"2022-02-09T21:59:27","slug":"que-lugar-e-esse-que-tempo-tenho-breve-relato-de-uma-mae-em-quarentena-por-karine-botelho-psicologa-clinica-membro-efetivo-do-ceepu-e-da-atual-diretoria-inova-acao","status":"publish","type":"post","link":"https:\/\/ceepu.com.br\/portal\/que-lugar-e-esse-que-tempo-tenho-breve-relato-de-uma-mae-em-quarentena-por-karine-botelho-psicologa-clinica-membro-efetivo-do-ceepu-e-da-atual-diretoria-inova-acao\/","title":{"rendered":"&#8220;Que lugar \u00e9 esse? Que tempo tenho? Breve relato de uma m\u00e3e em quarentena&#8221; por Karine Botelho, Psic\u00f3loga cl\u00ednica, membro efetivo do CEEPU e da atual diretoria Inova-A\u00e7\u00e3o."},"content":{"rendered":"<p><img fetchpriority=\"high\" decoding=\"async\" class=\" wp-image-827 alignleft\" src=\"https:\/\/ceepu.com.br\/antigo\/wp-content\/uploads\/2020\/06\/ceepu.jpg\" alt=\"\" width=\"648\" height=\"549\" \/><\/p>\n<p>Essas s\u00e3o as indaga\u00e7\u00f5es que, frequentemente, permeiam minha mente nos \u00faltimos tr\u00eas meses. Reconhecer o que est\u00e1 se passando n\u00e3o \u00e9 uma tarefa f\u00e1cil e, acredito, que nem \u00e9 preciso grandes elucubra\u00e7\u00f5es, conclus\u00f5es, solu\u00e7\u00f5es e todos os seus derivados, nesse momento. No entanto, penso ser importante, pensar os pensamentos (acreditem isso n\u00e3o \u00e9 uma redund\u00e2ncia). Para pensar, n\u00e3o basta querer \u00e9 preciso aprender a pensar. O pensar tamb\u00e9m \u00e9 produto da d\u00favida, pensar desestabiliza.<\/p>\n<p>Perdemos um pouco da nossa identidade? Dos nossos sonhos? Daquilo que imagin\u00e1vamos poder, de alguma forma, controlar? O incerto tornou-se mais certo do que nunca. O princ\u00edpio da incerteza que tanto estudo em Bion e realizo na an\u00e1lise pessoal, se faz presente e oportuno. As observa\u00e7\u00f5es s\u00e3o incompletas, depende da experi\u00eancia emocional de cada um. Essa incompletude, de certa forma, me traz conforto e me possibilita sair de um lugar comum, provocando rupturas. Pra que? Para que eu possa utilizar da minha capacidade criativa, estabelecendo novas oportunidades e fazendo diferentes conex\u00f5es, internas e externas. Ou, poderia simplesmente, entrar no Caos e n\u00e3o mais sair, inundar-me nele.<\/p>\n<p>Bem sei que \u00e9 muito mais f\u00e1cil falar do que realizar, por isso h\u00e1 tantas pessoas em sofrimento, precisando de um espa\u00e7o de escuta e acolhimento para as suas ang\u00fastias. Um espa\u00e7o onde, de fato, o pensador possa se apropriar dos seus pensamentos e tecer sua subjetividade. \u00c9 urgente e necess\u00e1rio validar os aspectos emocionais, os quais possivelmente surgem, mas dificilmente leva-se em considera\u00e7\u00e3o. Ou seja, poder tornar manifesto o que est\u00e1 latente.<\/p>\n<p>Conversando com uma amiga, confessei que tenho \u201cbeirado\u201d a loucura (ufa, que al\u00edvio!), devido \u00e0 vastid\u00e3o de estados esquizoides que tem me invadido. Reconhe\u00e7o sendo esses, na maioria das vezes, ligado \u00e0s aulas online dos meus filhos e, desse mundo fren\u00e9tico, que o conhecimento atrav\u00e9s das redes, tem-nos oferecido. \u00c9 informa\u00e7\u00e3o demais? \u00c9 falta dela, a partir dos modelos vividos at\u00e9 ent\u00e3o?<\/p>\n<p>\u00c9 complexo, \u00e9 verdade. Trabalhar com complexidade \u00e9 aumentar as probabilidades de resolu\u00e7\u00e3o. S\u00f3 se aprende a pensar esperando o inesperado, a capacidade de tolerar o vazio e o desconhecido. Fico pensando como vamos sobreviver a tantos est\u00edmulos. Que lugar daremos a eles e em qual tempo. Freud diz que \u00e9 na espera pelo objeto, que n\u00e3o est\u00e1 sempre \u00e0 disposi\u00e7\u00e3o, que o beb\u00ea experimenta a falta e constr\u00f3i a no\u00e7\u00e3o de tempo. A no\u00e7\u00e3o de tempo \u00e9 constru\u00edda, portanto, no intervalo entre a necessidade e a satisfa\u00e7\u00e3o. A capacidade de tolerar frustra\u00e7\u00e3o possibilita \u00e0 capacidade de tolerar o tempo, tolerando o tempo, voc\u00ea consequentemente, aprende a tolerar o espa\u00e7o.<\/p>\n<p>Imagino que o meu tempo, n\u00e3o seja o mesmo que o dos meus filhos adolescentes, os quais potencializam, sobretudo, o que est\u00e3o perdendo. A rela\u00e7\u00e3o presencial e direta com os amigos, com o grupo, \u00e9 raz\u00e3o sine qua non da exist\u00eancia. Em contrapartida, consomem as redes sociais continuamente, exigindo um esfor\u00e7o nosso de disciplina e rotina, admito que nem sempre a contento. Vou tentando considerar, escutando suas faltas e reconhecendo com eles, poss\u00edveis caminhos de transforma\u00e7\u00e3o. Mas, a educa\u00e7\u00e3o, o ensino, o que fazemos? Seguimos aprendendo como \u00e9 poss\u00edvel, conscientes de que n\u00e3o h\u00e1 nem mais nem menos. O que h\u00e1, \u00e9 o espa\u00e7o de um lugar nunca antes ocupado e que por isso, cada um precisa fazer valer sua imagina\u00e7\u00e3o e criatividade. Somos e reagimos diferentes \u00e0s situa\u00e7\u00f5es.<\/p>\n<p>Acredito que ensino e aprendo diariamente com a vida, com os pacientes e especialmente com os meus filhos. Mesmo que hoje, posso reconhecer em mim, sem me assustar tanto, estados de turbul\u00eancia emocional. Como diz uma pessoa, que me \u00e9 muito especial e, que sou grata: \u201cQuando sai errado \u00e9 que d\u00e1 mais certo\u201d.<\/p>\n<p>&nbsp;<\/p>\n<p>&nbsp;<\/p>\n<p style=\"text-align: right;\">Karine Botelho<\/p>\n<p style=\"text-align: right;\">Psic\u00f3loga cl\u00ednica, membro efetivo do CEEPU e da atual diretoria Inova-A\u00e7\u00e3o, Aprimoranda em Observa\u00e7\u00e3o da Rela\u00e7\u00e3o M\u00e3e-Beb\u00ea na Fam\u00edlia, modelo Tavistock Martha Harris pelo Centro de Estudos Psicanal\u00edticos M\u00e3e-Beb\u00ea-Fam\u00edla de S\u00e3o Paulo.<\/p>\n","protected":false},"excerpt":{"rendered":"<p>Essas s\u00e3o as indaga\u00e7\u00f5es que, frequentemente, permeiam minha mente nos \u00faltimos tr\u00eas meses. Reconhecer o que est\u00e1 se passando n\u00e3o \u00e9 uma tarefa f\u00e1cil e, acredito, que nem \u00e9 preciso grandes elucubra\u00e7\u00f5es, conclus\u00f5es, solu\u00e7\u00f5es e todos os seus derivados, nesse momento. No entanto, penso ser importante, pensar os pensamentos (acreditem isso n\u00e3o \u00e9 uma redund\u00e2ncia). &#8230; <a title=\"&#8220;Que lugar \u00e9 esse? Que tempo tenho? Breve relato de uma m\u00e3e em quarentena&#8221; por Karine Botelho, Psic\u00f3loga cl\u00ednica, membro efetivo do CEEPU e da atual diretoria Inova-A\u00e7\u00e3o.\" class=\"read-more\" href=\"https:\/\/ceepu.com.br\/portal\/que-lugar-e-esse-que-tempo-tenho-breve-relato-de-uma-mae-em-quarentena-por-karine-botelho-psicologa-clinica-membro-efetivo-do-ceepu-e-da-atual-diretoria-inova-acao\/\" aria-label=\"More on &#8220;Que lugar \u00e9 esse? Que tempo tenho? Breve relato de uma m\u00e3e em quarentena&#8221; por Karine Botelho, Psic\u00f3loga cl\u00ednica, membro efetivo do CEEPU e da atual diretoria Inova-A\u00e7\u00e3o.\">Ler mais<\/a><\/p>\n","protected":false},"author":1,"featured_media":0,"comment_status":"open","ping_status":"open","sticky":false,"template":"","format":"standard","meta":{"footnotes":""},"categories":[6],"tags":[],"class_list":["post-1210","post","type-post","status-publish","format-standard","hentry","category-reflexoes-psicanaliticas"],"_links":{"self":[{"href":"https:\/\/ceepu.com.br\/portal\/wp-json\/wp\/v2\/posts\/1210","targetHints":{"allow":["GET"]}}],"collection":[{"href":"https:\/\/ceepu.com.br\/portal\/wp-json\/wp\/v2\/posts"}],"about":[{"href":"https:\/\/ceepu.com.br\/portal\/wp-json\/wp\/v2\/types\/post"}],"author":[{"embeddable":true,"href":"https:\/\/ceepu.com.br\/portal\/wp-json\/wp\/v2\/users\/1"}],"replies":[{"embeddable":true,"href":"https:\/\/ceepu.com.br\/portal\/wp-json\/wp\/v2\/comments?post=1210"}],"version-history":[{"count":1,"href":"https:\/\/ceepu.com.br\/portal\/wp-json\/wp\/v2\/posts\/1210\/revisions"}],"predecessor-version":[{"id":1726,"href":"https:\/\/ceepu.com.br\/portal\/wp-json\/wp\/v2\/posts\/1210\/revisions\/1726"}],"wp:attachment":[{"href":"https:\/\/ceepu.com.br\/portal\/wp-json\/wp\/v2\/media?parent=1210"}],"wp:term":[{"taxonomy":"category","embeddable":true,"href":"https:\/\/ceepu.com.br\/portal\/wp-json\/wp\/v2\/categories?post=1210"},{"taxonomy":"post_tag","embeddable":true,"href":"https:\/\/ceepu.com.br\/portal\/wp-json\/wp\/v2\/tags?post=1210"}],"curies":[{"name":"wp","href":"https:\/\/api.w.org\/{rel}","templated":true}]}}