{"id":1206,"date":"2020-05-15T20:09:40","date_gmt":"2020-05-15T20:09:40","guid":{"rendered":"https:\/\/ceepu.com.br\/antigo\/?p=803"},"modified":"2020-05-15T20:09:40","modified_gmt":"2020-05-15T20:09:40","slug":"ensaio-falencia-do-tempo-pandemia-provoca-a-ilusao-de-um-futuro-desfeito","status":"publish","type":"post","link":"https:\/\/ceepu.com.br\/portal\/ensaio-falencia-do-tempo-pandemia-provoca-a-ilusao-de-um-futuro-desfeito\/","title":{"rendered":"Ensaio: Fal\u00eancia do tempo &#8211; Pandemia provoca a ilus\u00e3o de um futuro desfeito"},"content":{"rendered":"<p><img fetchpriority=\"high\" decoding=\"async\" class=\"size-full wp-image-804 alignleft\" src=\"https:\/\/ceepu.com.br\/antigo\/wp-content\/uploads\/2020\/05\/ceepu.jpg\" alt=\"\" width=\"450\" height=\"450\" \/><\/p>\n<p>Este \u00e9 um tempo de fal\u00eancias. Por toda parte nos chegam not\u00edcias de uma fal\u00eancia m\u00faltipla: de \u00f3rg\u00e3os corporais, de sistemas de sa\u00fade, de fam\u00edlias, de empresas, da raz\u00e3o, da presid\u00eancia&#8230;.<\/p>\n<p>Veja mais em <a href=\"https:\/\/www.uol.com.br\/ecoa\/colunas\/opiniao\/2020\/04\/24\/ensaio-falencia-do-tempo---pandemia-provoca-a-ilusao-de-um-futuro-desfeito.htm\">https:\/\/www.uol.com.br\/ecoa\/colunas\/opiniao\/2020\/04\/24\/ensaio-falencia-do-tempo&#8212;pandemia-provoca-a-ilusao-de-um-futuro-desfeito.htm<\/a><\/p>\n","protected":false},"excerpt":{"rendered":"<p>Este \u00e9 um tempo de fal\u00eancias. Por toda parte nos chegam not\u00edcias de uma fal\u00eancia m\u00faltipla: de \u00f3rg\u00e3os corporais, de sistemas de sa\u00fade, de fam\u00edlias, de empresas, da raz\u00e3o, da presid\u00eancia&#8230;. Veja mais em https:\/\/www.uol.com.br\/ecoa\/colunas\/opiniao\/2020\/04\/24\/ensaio-falencia-do-tempo&#8212;pandemia-provoca-a-ilusao-de-um-futuro-desfeito.htm<\/p>\n","protected":false},"author":1,"featured_media":804,"comment_status":"open","ping_status":"open","sticky":false,"template":"","format":"standard","meta":{"footnotes":""},"categories":[6],"tags":[],"class_list":["post-1206","post","type-post","status-publish","format-standard","has-post-thumbnail","hentry","category-reflexoes-psicanaliticas"],"_links":{"self":[{"href":"https:\/\/ceepu.com.br\/portal\/wp-json\/wp\/v2\/posts\/1206","targetHints":{"allow":["GET"]}}],"collection":[{"href":"https:\/\/ceepu.com.br\/portal\/wp-json\/wp\/v2\/posts"}],"about":[{"href":"https:\/\/ceepu.com.br\/portal\/wp-json\/wp\/v2\/types\/post"}],"author":[{"embeddable":true,"href":"https:\/\/ceepu.com.br\/portal\/wp-json\/wp\/v2\/users\/1"}],"replies":[{"embeddable":true,"href":"https:\/\/ceepu.com.br\/portal\/wp-json\/wp\/v2\/comments?post=1206"}],"version-history":[{"count":0,"href":"https:\/\/ceepu.com.br\/portal\/wp-json\/wp\/v2\/posts\/1206\/revisions"}],"wp:featuredmedia":[{"embeddable":true,"href":"https:\/\/ceepu.com.br\/portal\/wp-json\/"}],"wp:attachment":[{"href":"https:\/\/ceepu.com.br\/portal\/wp-json\/wp\/v2\/media?parent=1206"}],"wp:term":[{"taxonomy":"category","embeddable":true,"href":"https:\/\/ceepu.com.br\/portal\/wp-json\/wp\/v2\/categories?post=1206"},{"taxonomy":"post_tag","embeddable":true,"href":"https:\/\/ceepu.com.br\/portal\/wp-json\/wp\/v2\/tags?post=1206"}],"curies":[{"name":"wp","href":"https:\/\/api.w.org\/{rel}","templated":true}]}}