{"id":1204,"date":"2020-04-23T14:34:10","date_gmt":"2020-04-23T14:34:10","guid":{"rendered":"https:\/\/ceepu.com.br\/antigo\/?p=783"},"modified":"2022-02-09T18:46:44","modified_gmt":"2022-02-09T21:46:44","slug":"precisamos-estar-mais-proximos-de-nos-mesmos","status":"publish","type":"post","link":"https:\/\/ceepu.com.br\/portal\/precisamos-estar-mais-proximos-de-nos-mesmos\/","title":{"rendered":"Precisamos estar mais pr\u00f3ximos de n\u00f3s mesmos"},"content":{"rendered":"<p><img fetchpriority=\"high\" decoding=\"async\" class=\"size-full wp-image-784 alignleft\" src=\"https:\/\/ceepu.com.br\/antigo\/wp-content\/uploads\/2020\/04\/luiz-carlos-tenorio_sbpsp.png\" alt=\"\" width=\"540\" height=\"282\" \/><\/p>\n<p>O psicanalista Luiz Ten\u00f3rio Oliveira Lima, membro da SBPSP, em entrevista \u00e0 coluna Direto da Fonte, do jornal O Estado de S. Paulo (@estadao), afirma que em tempos de isolamento raz\u00e3o e emo\u00e7\u00e3o devem se equilibrar. Ten\u00f3rio defende que aqueles que est\u00e3o em an\u00e1lise continuem por vias digitais, como o WhatsApp, com o qual vem atendendo seus pacientes.<\/p>\n<p>Leia o artigo completo no site: <a href=\"https:\/\/psicanaliseblog.com.br\/2020\/04\/02\/precisamos-estar-mais-proximos-de-nos-mesmos\/?fbclid=IwAR0T3DdfLOIM4CuqPxJSdcEW19OSleCeO9hGYBKSXU2mJXiDn_Lnz9s_hhw\">https:\/\/psicanaliseblog.com.br\/2020\/04\/02\/precisamos-estar-mais-proximos-de-nos-mesmos\/?fbclid=IwAR0T3DdfLOIM4CuqPxJSdcEW19OSleCeO9hGYBKSXU2mJXiDn_Lnz9s_hhw\u00a0<\/a><\/p>\n","protected":false},"excerpt":{"rendered":"<p>O psicanalista Luiz Ten\u00f3rio Oliveira Lima, membro da SBPSP, em entrevista \u00e0 coluna Direto da Fonte, do jornal O Estado de S. Paulo (@estadao), afirma que em tempos de isolamento raz\u00e3o e emo\u00e7\u00e3o devem se equilibrar. Ten\u00f3rio defende que aqueles que est\u00e3o em an\u00e1lise continuem por vias digitais, como o WhatsApp, com o qual vem &#8230; <a title=\"Precisamos estar mais pr\u00f3ximos de n\u00f3s mesmos\" class=\"read-more\" href=\"https:\/\/ceepu.com.br\/portal\/precisamos-estar-mais-proximos-de-nos-mesmos\/\" aria-label=\"More on Precisamos estar mais pr\u00f3ximos de n\u00f3s mesmos\">Ler mais<\/a><\/p>\n","protected":false},"author":1,"featured_media":0,"comment_status":"open","ping_status":"open","sticky":false,"template":"","format":"standard","meta":{"footnotes":""},"categories":[6],"tags":[],"class_list":["post-1204","post","type-post","status-publish","format-standard","hentry","category-reflexoes-psicanaliticas"],"_links":{"self":[{"href":"https:\/\/ceepu.com.br\/portal\/wp-json\/wp\/v2\/posts\/1204","targetHints":{"allow":["GET"]}}],"collection":[{"href":"https:\/\/ceepu.com.br\/portal\/wp-json\/wp\/v2\/posts"}],"about":[{"href":"https:\/\/ceepu.com.br\/portal\/wp-json\/wp\/v2\/types\/post"}],"author":[{"embeddable":true,"href":"https:\/\/ceepu.com.br\/portal\/wp-json\/wp\/v2\/users\/1"}],"replies":[{"embeddable":true,"href":"https:\/\/ceepu.com.br\/portal\/wp-json\/wp\/v2\/comments?post=1204"}],"version-history":[{"count":1,"href":"https:\/\/ceepu.com.br\/portal\/wp-json\/wp\/v2\/posts\/1204\/revisions"}],"predecessor-version":[{"id":1718,"href":"https:\/\/ceepu.com.br\/portal\/wp-json\/wp\/v2\/posts\/1204\/revisions\/1718"}],"wp:attachment":[{"href":"https:\/\/ceepu.com.br\/portal\/wp-json\/wp\/v2\/media?parent=1204"}],"wp:term":[{"taxonomy":"category","embeddable":true,"href":"https:\/\/ceepu.com.br\/portal\/wp-json\/wp\/v2\/categories?post=1204"},{"taxonomy":"post_tag","embeddable":true,"href":"https:\/\/ceepu.com.br\/portal\/wp-json\/wp\/v2\/tags?post=1204"}],"curies":[{"name":"wp","href":"https:\/\/api.w.org\/{rel}","templated":true}]}}